{"id":311,"date":"2022-01-12T04:49:00","date_gmt":"2022-01-12T04:49:00","guid":{"rendered":"https:\/\/cesarbrasil.com\/?p=311"},"modified":"2022-06-03T17:50:08","modified_gmt":"2022-06-03T17:50:08","slug":"peak-series","status":"publish","type":"post","link":"https:\/\/cesarbrasil.com\/portugues\/peak-series\/","title":{"rendered":"Peak Productivity Series"},"content":{"rendered":"\t\t<div data-elementor-type=\"wp-post\" data-elementor-id=\"311\" class=\"elementor elementor-311\" data-elementor-post-type=\"post\">\n\t\t\t\t\t\t<section class=\"elementor-section elementor-top-section elementor-element elementor-element-12847c6c elementor-section-boxed elementor-section-height-default elementor-section-height-default\" data-id=\"12847c6c\" data-element_type=\"section\">\n\t\t\t\t\t\t<div class=\"elementor-container elementor-column-gap-default\">\n\t\t\t\t\t<div class=\"elementor-column elementor-col-100 elementor-top-column elementor-element elementor-element-770e5d4b\" data-id=\"770e5d4b\" data-element_type=\"column\">\n\t\t\t<div class=\"elementor-widget-wrap elementor-element-populated\">\n\t\t\t\t\t\t<div class=\"elementor-element elementor-element-4b000be2 elementor-widget elementor-widget-text-editor\" data-id=\"4b000be2\" data-element_type=\"widget\" data-widget_type=\"text-editor.default\">\n\t\t\t\t<div class=\"elementor-widget-container\">\n\t\t\t\t\t\t\t\t\t\n<p>Toda narra\u00e7\u00e3o de audiolivro traz consigo uma responsabilidade imensa e muitas quest\u00f5es. Como dar voz a esse conte\u00fado do qual eu n\u00e3o sei absolutamente nada de maneira convincente e did\u00e1tica? Como posso eu ser a voz desse(a) autor(a) que estudou e se preparou tanto para escrever, revisar, editar, editar e editar este livro? Principalmente: como narrar ideologias e cren\u00e7as com as quais posso nem mesmo concordar, ou \u00e0s quais posso ainda ser diretamente contr\u00e1rio?<\/p>\n\n\n\n<p>A s\u00e9rie &#8220;Peak Productivity&#8221;, de Said Hasyim, resolveu todos esses problemas por mim. Primeiramente, \u00e9 escrito de uma forma que se faz ser entendido, sem enrola\u00e7\u00e3o e direto ao ponto. Te faz sacar logo nas primeiras p\u00e1ginas toda a sua l\u00f3gica, e d\u00e1 de presente m\u00e9todos pr\u00e1ticos e a prova de que eles funcionam. Em segundo lugar, conversar com o autor foi uma atividade t\u00e3o prazerosa e natural que o alinhamento das ideias se fez de maneira org\u00e2nica, e facilitou muito para que eu pudesse ser sua voz. Finalmente, fica dif\u00edcil discordar de um conte\u00fado que claramente foi desenvolvido para ajudar e melhorar a vida de todos, com t\u00e9cnicas e dicas que fazem completo sentido.<\/p>\n\n\n\n<p>O autor \u00e9 t\u00e3o confi\u00e1vel que me disse, logo ap\u00f3s concluirmos seu primeiro livro, &#8220;Peak Human Clock&#8221; (na \u00e9poca chamado &#8220;Have a Peak at This&#8221;), que voltaria a falar comigo para a produ\u00e7\u00e3o de seus outros livros. Ele poderia estar apenas dizendo isso da boca pra fora, mas fato \u00e9 que, semanas depois, ele estava de volta com mais dois de seus livros para eu narrar. N\u00e3o fosse isso o bastante, fez quest\u00e3o de me enviar um email extremamente comovente com a seguinte dedicat\u00f3ria:<\/p>\n\n\n\n&nbsp;<br\/>&nbsp;<br\/>\n\n\n<div class=\"wp-block-image is-style-rounded\">\n<figure class=\"aligncenter size-full\"><img decoding=\"async\" width=\"88\" height=\"88\" src=\"http:\/\/cesarbrasil.com\/wp-content\/uploads\/2021\/06\/said.jpg\" alt=\"\" class=\"wp-image-138\"\/><\/figure>\n<\/div>\n\n\n<blockquote class=\"wp-block-quote has-text-align-center is-style-large is-style-default has-small-font-size is-layout-flow wp-block-quote-is-layout-flow\" style=\"font-style:normal;font-weight:400\"><p>Tive o prazer de trabalhar com Cesar em diversos projetos, e ele tem sido sempre um profissional e confi\u00e1vel narrador para meus audiolivros. Ele fez um trabalho incr\u00edvel em minha s\u00e9rie de livros Peak Productivity. Sua voz \u00e9 clara e concisa, facilitando muito o entendimento dos ouvintes. Sua narra\u00e7\u00e3o \u00e9 engajada e possui uma grande habilidade de dar vida aos personagens de forma verdadeiramente cativante. Acredito que ele seja um grande trunfo para qualquer produ\u00e7\u00e3o de audiolivro.<\/p><p><\/p><cite>\u2014 Said Hasyim<\/cite><\/blockquote>\n\n\n\n&nbsp;<br\/>&nbsp;<br\/>\n\n\n\n<p>Confira toda a s\u00e9rie &#8220;Peak Productivity&#8221; dispon\u00edvel na Amazon e Audible:<\/p>\n\n\n\n&nbsp;<br\/>&nbsp;<br\/>\n\n\n\n<div class=\"wp-block-media-text alignwide is-stacked-on-mobile\" style=\"grid-template-columns:28% auto\"><figure class=\"wp-block-media-text__media\"><a href=\"https:\/\/www.audible.com\/pd\/Peak-Human-Clock-Audiobook\/B08WHG1BML?ref=a_author_Sa_c19_lProduct_1_3&amp;pf_rd_p=1ae0e65e-ad09-4aa7-aa73-772cefb1b5e1&amp;pf_rd_r=PBC4QSES65Z9XJ5X64ZT\"><img fetchpriority=\"high\" decoding=\"async\" width=\"500\" height=\"500\" src=\"http:\/\/cesarbrasil.com\/wp-content\/uploads\/2022\/01\/51NdYuDPh8S._SL500_.jpg\" alt=\"\" class=\"wp-image-312 size-full\" srcset=\"https:\/\/cesarbrasil.com\/wp-content\/uploads\/2022\/01\/51NdYuDPh8S._SL500_.jpg 500w, https:\/\/cesarbrasil.com\/wp-content\/uploads\/2022\/01\/51NdYuDPh8S._SL500_-300x300.jpg 300w, https:\/\/cesarbrasil.com\/wp-content\/uploads\/2022\/01\/51NdYuDPh8S._SL500_-150x150.jpg 150w\" sizes=\"(max-width: 500px) 100vw, 500px\" \/><\/a><\/figure><div class=\"wp-block-media-text__content\">\n<h2 class=\"wp-block-heading\"><a href=\"https:\/\/www.audible.com\/pd\/Peak-Human-Clock-Audiobook\/B08WHG1BML?ref=a_author_Sa_c19_lProduct_1_2&amp;pf_rd_p=1ae0e65e-ad09-4aa7-aa73-772cefb1b5e1&amp;pf_rd_r=08WXJ2DF2S6XP1KHGVQP\" target=\"_blank\" rel=\"noreferrer noopener\">Peak Human Clock<\/a><\/h2>\n\n\n\n<p>Como acordar cedo, consertar seu calend\u00e1rio de alimenta\u00e7\u00e3o e melhorar rotinas de exerc\u00edcio para ser altamente produtivo.<\/p>\n\n\n\n<p>Por:\u00a0<a href=\"https:\/\/www.audible.com\/author\/Said-Hasyim\/B08MYDCMFP?ref=a_pd_Peak-H_c1_author_1&amp;pf_rd_p=df6bf89c-ab0c-4323-993a-2a046c7399f9&amp;pf_rd_r=4533V1ZJWCZ38F8EFPPB\">Said Hasyim<\/a><br>Narrado por:\u00a0<a href=\"https:\/\/www.audible.com\/search?searchNarrator=Cesar+Brasil&amp;ref=a_pd_Peak-H_c1_narrator_1&amp;pf_rd_p=df6bf89c-ab0c-4323-993a-2a046c7399f9&amp;pf_rd_r=4533V1ZJWCZ38F8EFPPB\">Cesar Brasil<\/a><br>Dura\u00e7\u00e3o: 3h 31min<\/p>\n<\/div><\/div>\n\n\n\n<hr class=\"wp-block-separator has-css-opacity is-style-dots\"\/>\n\n\n\n<div class=\"wp-block-media-text alignwide is-stacked-on-mobile\" style=\"grid-template-columns:28% auto\"><figure class=\"wp-block-media-text__media\"><a href=\"https:\/\/www.audible.com\/pd\/Peak-Self-Control-Audiobook\/B09P1BGBGK?ref=a_author_Sa_c19_lProduct_1_1&amp;pf_rd_p=1ae0e65e-ad09-4aa7-aa73-772cefb1b5e1&amp;pf_rd_r=PBC4QSES65Z9XJ5X64ZT\"><img decoding=\"async\" width=\"500\" height=\"500\" src=\"http:\/\/cesarbrasil.com\/wp-content\/uploads\/2022\/01\/41jwHLd6VtL._SL500_.jpg\" alt=\"\" class=\"wp-image-314 size-full\" srcset=\"https:\/\/cesarbrasil.com\/wp-content\/uploads\/2022\/01\/41jwHLd6VtL._SL500_.jpg 500w, https:\/\/cesarbrasil.com\/wp-content\/uploads\/2022\/01\/41jwHLd6VtL._SL500_-300x300.jpg 300w, https:\/\/cesarbrasil.com\/wp-content\/uploads\/2022\/01\/41jwHLd6VtL._SL500_-150x150.jpg 150w\" sizes=\"(max-width: 500px) 100vw, 500px\" \/><\/a><\/figure><div class=\"wp-block-media-text__content\">\n<h2 class=\"wp-block-heading\"><a href=\"https:\/\/www.audible.com\/pd\/Peak-Self-Control-Audiobook\/B09P1BGBGK?ref=a_author_Sa_c19_lProduct_1_3&amp;pf_rd_p=1ae0e65e-ad09-4aa7-aa73-772cefb1b5e1&amp;pf_rd_r=08WXJ2DF2S6XP1KHGVQP\" target=\"_blank\" rel=\"noreferrer noopener\">Peak Self Control<\/a><\/h2>\n\n\n\n<p>Construindo uma forte for\u00e7a de vontade para alcan\u00e7ar resultados importantes (Peak Productivity).<\/p>\n\n\n\n<p>Por:\u00a0<a href=\"https:\/\/www.audible.com\/author\/Said-Hasyim\/B08MYDCMFP?ref=a_pd_Peak-S_c1_author_1&amp;pf_rd_p=df6bf89c-ab0c-4323-993a-2a046c7399f9&amp;pf_rd_r=B1XP835A69N04SNWAGMV\">Said Hasyim<\/a><br>Narrado port:\u00a0<a href=\"https:\/\/www.audible.com\/search?searchNarrator=C%C3%A9sar+Brasil&amp;ref=a_pd_Peak-S_c1_narrator_1&amp;pf_rd_p=df6bf89c-ab0c-4323-993a-2a046c7399f9&amp;pf_rd_r=B1XP835A69N04SNWAGMV\">C\u00e9sar Brasil<\/a><br>Dura\u00e7\u00e3o: 2h 38min<\/p>\n<\/div><\/div>\n\n\n\n<hr class=\"wp-block-separator has-css-opacity is-style-dots\"\/>\n\n\n\n<div class=\"wp-block-media-text alignwide is-stacked-on-mobile\" style=\"grid-template-columns:28% auto\"><figure class=\"wp-block-media-text__media\"><a href=\"https:\/\/www.audible.com\/pd\/Peak-Brain-Plasticity-Audiobook\/B09PNT92VX?ref=a_author_Sa_c19_lProduct_1_2&amp;pf_rd_p=1ae0e65e-ad09-4aa7-aa73-772cefb1b5e1&amp;pf_rd_r=PBC4QSES65Z9XJ5X64ZT\"><img loading=\"lazy\" decoding=\"async\" width=\"500\" height=\"500\" src=\"http:\/\/cesarbrasil.com\/wp-content\/uploads\/2022\/01\/419ENDsT7sL._SL500_.jpg\" alt=\"\" class=\"wp-image-313 size-full\" srcset=\"https:\/\/cesarbrasil.com\/wp-content\/uploads\/2022\/01\/419ENDsT7sL._SL500_.jpg 500w, https:\/\/cesarbrasil.com\/wp-content\/uploads\/2022\/01\/419ENDsT7sL._SL500_-300x300.jpg 300w, https:\/\/cesarbrasil.com\/wp-content\/uploads\/2022\/01\/419ENDsT7sL._SL500_-150x150.jpg 150w\" sizes=\"(max-width: 500px) 100vw, 500px\" \/><\/a><\/figure><div class=\"wp-block-media-text__content\">\n<h2 class=\"wp-block-heading\"><a href=\"https:\/\/www.audible.com\/pd\/Peak-Brain-Plasticity-Audiobook\/B09PNT92VX?ref=a_author_Sa_c19_lProduct_1_1&amp;pf_rd_p=1ae0e65e-ad09-4aa7-aa73-772cefb1b5e1&amp;pf_rd_r=08WXJ2DF2S6XP1KHGVQP\" target=\"_blank\" rel=\"noreferrer noopener\">Peak Brain Plasticity<\/a><\/h2>\n\n\n\n<p>Lembre-se fo que precisa lembrar, e se esque\u00e7a do que n\u00e3o consegue esquecer.<\/p>\n\n\n\n<p>Por:\u00a0<a href=\"https:\/\/www.audible.com\/author\/Said-Hasyim\/B08MYDCMFP?ref=a_pd_Peak-B_c1_author_1&amp;pf_rd_p=df6bf89c-ab0c-4323-993a-2a046c7399f9&amp;pf_rd_r=WJTVH4TC277SC67YSY7S\">Said Hasyim<\/a><br>Narrado por:\u00a0<a href=\"https:\/\/www.audible.com\/search?searchNarrator=Ceasar+Brasil&amp;ref=a_pd_Peak-B_c1_narrator_1&amp;pf_rd_p=df6bf89c-ab0c-4323-993a-2a046c7399f9&amp;pf_rd_r=WJTVH4TC277SC67YSY7S\">Ceasar Brasil<\/a><br>Dura\u00e7\u00e3o: 3h 11 min<\/p>\n<\/div><\/div>\n\n\n\n<p><\/p>\n\t\t\t\t\t\t\t\t<\/div>\n\t\t\t\t<\/div>\n\t\t\t\t\t<\/div>\n\t\t<\/div>\n\t\t\t\t\t<\/div>\n\t\t<\/section>\n\t\t\t\t<\/div>\n\t\t","protected":false},"excerpt":{"rendered":"<p>Toda narra\u00e7\u00e3o de audiolivro traz consigo uma responsabilidade imensa e muitas quest\u00f5es. Como dar voz a esse conte\u00fado do qual eu n\u00e3o sei absolutamente nada de maneira convincente e did\u00e1tica? Como posso eu ser a voz desse(a) autor(a) que estudou e se preparou tanto para escrever, revisar, editar, editar e editar este livro? Principalmente: como [&hellip;]<\/p>\n","protected":false},"author":1,"featured_media":241,"comment_status":"open","ping_status":"open","sticky":false,"template":"","format":"standard","meta":{"footnotes":""},"categories":[14],"tags":[23],"class_list":["post-311","post","type-post","status-publish","format-standard","has-post-thumbnail","hentry","category-locucao","tag-audiolivro"],"_links":{"self":[{"href":"https:\/\/cesarbrasil.com\/portugues\/wp-json\/wp\/v2\/posts\/311","targetHints":{"allow":["GET"]}}],"collection":[{"href":"https:\/\/cesarbrasil.com\/portugues\/wp-json\/wp\/v2\/posts"}],"about":[{"href":"https:\/\/cesarbrasil.com\/portugues\/wp-json\/wp\/v2\/types\/post"}],"author":[{"embeddable":true,"href":"https:\/\/cesarbrasil.com\/portugues\/wp-json\/wp\/v2\/users\/1"}],"replies":[{"embeddable":true,"href":"https:\/\/cesarbrasil.com\/portugues\/wp-json\/wp\/v2\/comments?post=311"}],"version-history":[{"count":13,"href":"https:\/\/cesarbrasil.com\/portugues\/wp-json\/wp\/v2\/posts\/311\/revisions"}],"predecessor-version":[{"id":477,"href":"https:\/\/cesarbrasil.com\/portugues\/wp-json\/wp\/v2\/posts\/311\/revisions\/477"}],"wp:featuredmedia":[{"embeddable":true,"href":"https:\/\/cesarbrasil.com\/portugues\/wp-json\/wp\/v2\/media\/241"}],"wp:attachment":[{"href":"https:\/\/cesarbrasil.com\/portugues\/wp-json\/wp\/v2\/media?parent=311"}],"wp:term":[{"taxonomy":"category","embeddable":true,"href":"https:\/\/cesarbrasil.com\/portugues\/wp-json\/wp\/v2\/categories?post=311"},{"taxonomy":"post_tag","embeddable":true,"href":"https:\/\/cesarbrasil.com\/portugues\/wp-json\/wp\/v2\/tags?post=311"}],"curies":[{"name":"wp","href":"https:\/\/api.w.org\/{rel}","templated":true}]}}