{"id":261,"date":"2022-01-11T22:57:34","date_gmt":"2022-01-11T22:57:34","guid":{"rendered":"http:\/\/cesarbrasil.com\/?p=261"},"modified":"2022-01-13T22:29:06","modified_gmt":"2022-01-13T22:29:06","slug":"o-matador","status":"publish","type":"post","link":"https:\/\/cesarbrasil.com\/portugues\/o-matador\/","title":{"rendered":"O Matador"},"content":{"rendered":"\n<figure class=\"wp-block-embed is-type-video is-provider-youtube wp-block-embed-youtube wp-embed-aspect-16-9 wp-has-aspect-ratio\"><div class=\"wp-block-embed__wrapper\">\n<iframe title=\"&quot;O Matador&quot; (Netflix) - Cena advogado e rapaz simples\" width=\"800\" height=\"450\" src=\"https:\/\/www.youtube.com\/embed\/APAzFNfFDfo?feature=oembed\" frameborder=\"0\" allow=\"accelerometer; autoplay; clipboard-write; encrypted-media; gyroscope; picture-in-picture\" allowfullscreen><\/iframe>\n<\/div><figcaption><em>Cena de <a rel=\"noreferrer noopener\" href=\"https:\/\/www.imdb.com\/title\/tt5379294\/?ref_=nm_knf_i3\" target=\"_blank\">O Matador<\/a> (2017), com <a rel=\"noreferrer noopener\" href=\"https:\/\/www.imdb.com\/name\/nm2708598\/?ref_=ttfc_fc_cl_t33\" target=\"_blank\">C\u00e9sar Brasil<\/a>,<a rel=\"noreferrer noopener\" href=\"https:\/\/www.imdb.com\/name\/nm0157255\/?ref_=ttfc_fc_cl_t13\" target=\"_blank\"> Etienne Chicot <\/a>e <a rel=\"noreferrer noopener\" href=\"https:\/\/www.imdb.com\/name\/nm4264601\/?ref_=ttfc_fc_cl_t32\" target=\"_blank\">Jo\u00e3o Miller<\/a>.<\/em><\/figcaption><\/figure>\n\n\n\n<blockquote class=\"wp-block-quote is-layout-flow wp-block-quote-is-layout-flow\"><p>Dire\u00e7\u00e3o: <a href=\"https:\/\/www.imdb.com\/name\/nm2337991\/?ref_=ttfc_fc_dr1\" data-type=\"URL\" data-id=\"https:\/\/www.imdb.com\/name\/nm2337991\/?ref_=ttfc_fc_dr1\" target=\"_blank\" rel=\"noreferrer noopener\">Marcelo Galv\u00e3o<\/a><br>Produtora: Gatacine<br>Ano de lan\u00e7amento: 2017<\/p><\/blockquote>\n\n\n\n<div class=\"wp-block-buttons is-layout-flex wp-block-buttons-is-layout-flex\">\n<div class=\"wp-block-button\"><a class=\"wp-block-button__link\" href=\"https:\/\/www.netflix.com\/br-en\/title\/80127990\" target=\"_blank\" rel=\"noreferrer noopener\">Assista a &#8220;O Matador&#8221; na NETFLIX<\/a><\/div>\n<\/div>\n\n\n\n<p><\/p>\n\n\n\n<p><\/p>\n\n\n\n<p>Trabalhar em um projeto da Gatacine \u00e9 sempre completamente diferente de tudo. A sensa\u00e7\u00e3o de liberdade de cria\u00e7\u00e3o somada a um ambiente acolhedor e comunal tornam cada di\u00e1ria de grava\u00e7\u00e3o uma experi\u00eancia memor\u00e1vel. Imposs\u00edvel esquecer as risadas por tr\u00e1s das c\u00e2meras com o <a rel=\"noreferrer noopener\" href=\"https:\/\/www.imdb.com\/name\/nm1579532\/?ref_=nv_sr_srsg_0\" data-type=\"URL\" data-id=\"https:\/\/www.imdb.com\/name\/nm1579532\/?ref_=nv_sr_srsg_0\" target=\"_blank\">Thogun Teixeira<\/a>, as tentativas nem sempre t\u00e3o bem sucedidas de bater um papo em Franc\u00eas com o lend\u00e1rio <meta charset=\"utf-8\"><a rel=\"noreferrer noopener\" href=\"https:\/\/www.imdb.com\/name\/nm0157255\/?ref_=ttfc_fc_cl_t13\" data-type=\"URL\" data-id=\"https:\/\/www.imdb.com\/name\/nm0157255\/?ref_=ttfc_fc_cl_t13\" target=\"_blank\">Etienne Chicot<\/a> e o abra\u00e7o meio desajeitado de f\u00e3 na imortal <a rel=\"noreferrer noopener\" href=\"https:\/\/www.imdb.com\/name\/nm0210218\/?ref_=ttfc_fc_cl_t1\" data-type=\"URL\" data-id=\"https:\/\/www.imdb.com\/name\/nm0210218\/?ref_=ttfc_fc_cl_t1\" target=\"_blank\">Maria de Medeiros<\/a>. S\u00e3o todas experi\u00eancias proporcionadas por uma produ\u00e7\u00e3o que sempre valoriza e uni\u00e3o de todos os envolvidos, onde n\u00e3o se sabe e pouco importa quem \u00e9 do elenco principal, de apoio, figurante, produtor, diretor ou cara-do-boom. Todos esperam na mesma fila para o almo\u00e7o e se misturam em uma \u00fanica voz trocando suas experi\u00eancias.<\/p>\n\n\n\n<p>Foi assim tamb\u00e9m em <a rel=\"noreferrer noopener\" href=\"https:\/\/www.imdb.com\/title\/tt1213924\/?ref_=nm_flmg_dr_5\" data-type=\"URL\" data-id=\"https:\/\/www.imdb.com\/title\/tt1213924\/?ref_=nm_flmg_dr_5\" target=\"_blank\">La Ri\u00f1a<\/a>, tamb\u00e9m da Gatacine e tamb\u00e9m dirigido e escrito por <a rel=\"noreferrer noopener\" style=\"font-size: revert; font-family: -apple-system, BlinkMacSystemFont, &quot;Segoe UI&quot;, Roboto, Oxygen-Sans, Ubuntu, Cantarell, &quot;Helvetica Neue&quot;, sans-serif;\" href=\"https:\/\/www.imdb.com\/name\/nm2337991\/?ref_=ttfc_fc_dr1\" data-type=\"URL\" data-id=\"https:\/\/www.imdb.com\/name\/nm2337991\/?ref_=ttfc_fc_dr1\" target=\"_blank\">Marcelo Galv\u00e3o<\/a>, onde toda e qualquer pessoa envolvida de alguma forma no filme ficou praticamente confinada durante 20 madrugadas em uma mans\u00e3o na Serra da Cantareira, em S\u00e3o Paulo. Pouco importava se era seu dia de gravar ou n\u00e3o, todos estavam escalados para todos os dias. Foi a experi\u00eancia mais singular que eu j\u00e1 tive em uma produ\u00e7\u00e3o cinematogr\u00e1fica, e tamb\u00e9m a primeira.<\/p>\n\n\n\n<p><\/p>\n\n\n\n<figure class=\"wp-block-embed is-type-video is-provider-youtube wp-block-embed-youtube wp-embed-aspect-4-3 wp-has-aspect-ratio\"><div class=\"wp-block-embed__wrapper\">\n<iframe title=\"Rinha - O Filme (Cenas)\" width=\"800\" height=\"600\" src=\"https:\/\/www.youtube.com\/embed\/e-VRBPP54nI?feature=oembed\" frameborder=\"0\" allow=\"accelerometer; autoplay; clipboard-write; encrypted-media; gyroscope; picture-in-picture\" allowfullscreen><\/iframe>\n<\/div><figcaption><em>Cenas de <a rel=\"noreferrer noopener\" href=\"https:\/\/www.imdb.com\/title\/tt1213924\/?ref_=nm_knf_i2\" target=\"_blank\">La Ri\u00f1a<\/a> (2008), com <a rel=\"noreferrer noopener\" href=\"https:\/\/www.imdb.com\/name\/nm2708598\/?ref_=ttfc_fc_cl_t33\" target=\"_blank\">C\u00e9sar Brasil<\/a>, <a rel=\"noreferrer noopener\" href=\"https:\/\/www.imdb.com\/name\/nm2975773\/?ref_=ttfc_fc_cl_t2\" target=\"_blank\">Warley Santana<\/a>, <a rel=\"noreferrer noopener\" href=\"https:\/\/www.imdb.com\/name\/nm0524930\/?ref_=ttfc_fc_cl_t7\" target=\"_blank\">Anna Ludmila<\/a> e <a rel=\"noreferrer noopener\" href=\"https:\/\/www.imdb.com\/name\/nm2975652\/?ref_=ttfc_fc_cl_t43\" target=\"_blank\">Alexandre Tigano<\/a><\/em><\/figcaption><\/figure>\n\n\n\n<p><\/p>\n\n\n\n<p><a rel=\"noreferrer noopener\" href=\"https:\/\/www.imdb.com\/title\/tt5379294\/?ref_=ttfc_fc_tt\" data-type=\"URL\" data-id=\"https:\/\/www.imdb.com\/title\/tt5379294\/?ref_=ttfc_fc_tt\" target=\"_blank\">O Matador<\/a> chegou at\u00e9 mim por convite do Marcelo, com quem j\u00e1 havia gravado meu primeiro longa, uma campanha publicit\u00e1ria, uma s\u00e9rie chamada <a rel=\"noreferrer noopener\" href=\"https:\/\/www.imdb.com\/title\/tt3838566\/?ref_=nm_flmg_dr_2\" data-type=\"URL\" data-id=\"https:\/\/www.imdb.com\/title\/tt3838566\/?ref_=nm_flmg_dr_2\" target=\"_blank\">A Produtora<\/a> e at\u00e9 um programa de reportagens de rua para campanha pol\u00edtica, chamado 100% Positivo.<\/p>\n\n\n\n<p><\/p>\n\n\n\n<figure class=\"wp-block-embed is-type-video is-provider-youtube wp-block-embed-youtube wp-embed-aspect-16-9 wp-has-aspect-ratio\"><div class=\"wp-block-embed__wrapper\">\n<iframe title=\"\u00daLTIMO TAKE\" width=\"800\" height=\"450\" src=\"https:\/\/www.youtube.com\/embed\/wtVbGlKw8Uc?feature=oembed\" frameborder=\"0\" allow=\"accelerometer; autoplay; clipboard-write; encrypted-media; gyroscope; picture-in-picture\" allowfullscreen><\/iframe>\n<\/div><figcaption><em>Epis\u00f3dio de <a rel=\"noreferrer noopener\" href=\"https:\/\/www.imdb.com\/title\/tt3838566\/?ref_=nm_flmg_dr_2\" target=\"_blank\">A Produtora<\/a> (2014), com <a rel=\"noreferrer noopener\" href=\"https:\/\/www.imdb.com\/name\/nm2708598?ref_=tt_cl_t_1\" target=\"_blank\">C\u00e9sar Brasil<\/a>, <a rel=\"noreferrer noopener\" href=\"https:\/\/www.imdb.com\/name\/nm2337695?ref_=tt_cl_t_2\" target=\"_blank\">Deto Montenegro<\/a> e <a rel=\"noreferrer noopener\" href=\"https:\/\/www.imdb.com\/name\/nm4533904?ref_=tt_cl_t_3\" target=\"_blank\">Daniel Torres<\/a><\/em><\/figcaption><\/figure>\n\n\n\n<p><\/p>\n","protected":false},"excerpt":{"rendered":"<p>Dire\u00e7\u00e3o: Marcelo Galv\u00e3oProdutora: GatacineAno de lan\u00e7amento: 2017 Trabalhar em um projeto da Gatacine \u00e9 sempre completamente diferente de tudo. A sensa\u00e7\u00e3o de liberdade de cria\u00e7\u00e3o somada a um ambiente acolhedor e comunal tornam cada di\u00e1ria de grava\u00e7\u00e3o uma experi\u00eancia memor\u00e1vel. Imposs\u00edvel esquecer as risadas por tr\u00e1s das c\u00e2meras com o Thogun Teixeira, as tentativas nem [&hellip;]<\/p>\n","protected":false},"author":1,"featured_media":238,"comment_status":"open","ping_status":"open","sticky":false,"template":"","format":"standard","meta":{"footnotes":""},"categories":[8],"tags":[9],"class_list":["post-261","post","type-post","status-publish","format-standard","has-post-thumbnail","hentry","category-cinema","tag-cinema"],"_links":{"self":[{"href":"https:\/\/cesarbrasil.com\/portugues\/wp-json\/wp\/v2\/posts\/261","targetHints":{"allow":["GET"]}}],"collection":[{"href":"https:\/\/cesarbrasil.com\/portugues\/wp-json\/wp\/v2\/posts"}],"about":[{"href":"https:\/\/cesarbrasil.com\/portugues\/wp-json\/wp\/v2\/types\/post"}],"author":[{"embeddable":true,"href":"https:\/\/cesarbrasil.com\/portugues\/wp-json\/wp\/v2\/users\/1"}],"replies":[{"embeddable":true,"href":"https:\/\/cesarbrasil.com\/portugues\/wp-json\/wp\/v2\/comments?post=261"}],"version-history":[{"count":9,"href":"https:\/\/cesarbrasil.com\/portugues\/wp-json\/wp\/v2\/posts\/261\/revisions"}],"predecessor-version":[{"id":386,"href":"https:\/\/cesarbrasil.com\/portugues\/wp-json\/wp\/v2\/posts\/261\/revisions\/386"}],"wp:featuredmedia":[{"embeddable":true,"href":"https:\/\/cesarbrasil.com\/portugues\/wp-json\/wp\/v2\/media\/238"}],"wp:attachment":[{"href":"https:\/\/cesarbrasil.com\/portugues\/wp-json\/wp\/v2\/media?parent=261"}],"wp:term":[{"taxonomy":"category","embeddable":true,"href":"https:\/\/cesarbrasil.com\/portugues\/wp-json\/wp\/v2\/categories?post=261"},{"taxonomy":"post_tag","embeddable":true,"href":"https:\/\/cesarbrasil.com\/portugues\/wp-json\/wp\/v2\/tags?post=261"}],"curies":[{"name":"wp","href":"https:\/\/api.w.org\/{rel}","templated":true}]}}