{"id":309,"date":"2022-01-12T04:40:34","date_gmt":"2022-01-12T04:40:34","guid":{"rendered":"https:\/\/cesarbrasil.com\/?p=309"},"modified":"2023-08-19T22:23:03","modified_gmt":"2023-08-19T22:23:03","slug":"publicidade","status":"publish","type":"post","link":"https:\/\/cesarbrasil.com\/english\/publicidade\/","title":{"rendered":"TV Commercials"},"content":{"rendered":"<p>A carreira de ator na televis\u00e3o muitas vezes come\u00e7a com campanhas publicit\u00e1rias,\u00a0e comigo n\u00e3o foi muito diferente. Tive a imensa sorte de principiante de passar em meu primeir\u00edssimo teste para uma campanha nacional aos 18 anos, l\u00e1 nos idos de 2004, como personagem principal. De l\u00e1 para c\u00e1 foram in\u00fameros testes, muitas colabora\u00e7\u00f5es e um portf\u00f3lio repleto de grandes filmes.<\/p>\n\n\n\n<p>J\u00e1 s\u00e3o mais de 34 campanhas gravadas no total, sendo a grande maioria como protagonista &#8211; 21 at\u00e9 o momento. Foi atrav\u00e9s da publicidade que pude trabalhar com diretores incr\u00edveis como K\u00e1tia Lund, Paula Trabulsi, Carl\u00e3o Busato, Marcelo Galv\u00e3o, Ren\u00e9 Sampaio, Cl\u00f3vis Mello, entre muitos e muitos outros.<\/p>\n\n\n\n<figure class=\"wp-block-embed is-type-video is-provider-youtube wp-block-embed-youtube wp-embed-aspect-16-9 wp-has-aspect-ratio\"><div class=\"wp-block-embed__wrapper\">\n<iframe title=\"Campanha Piraj\u00e1\" width=\"800\" height=\"450\" src=\"https:\/\/www.youtube.com\/embed\/videoseries?list=PL5DfgZsaPCc76BXx2AY7tNiykUFqMOm19\" frameborder=\"0\" allow=\"accelerometer; autoplay; clipboard-write; encrypted-media; gyroscope; picture-in-picture; web-share\" allowfullscreen><\/iframe>\n<\/div><figcaption class=\"wp-element-caption\">Campanha Piraj\u00e1, produ\u00e7\u00e3o e dire\u00e7\u00e3o da Guanaco Prod. Cinco filmes, 10 roteiristas e diretores e uma equipe de produ\u00e7\u00e3o incr\u00edvel.<\/figcaption><\/figure>\n\n\n\n<figure class=\"wp-block-embed is-type-video is-provider-youtube wp-block-embed-youtube wp-embed-aspect-16-9 wp-has-aspect-ratio\"><div class=\"wp-block-embed__wrapper\">\n<iframe title=\"Dirigidos por Carl\u00e3o Busato\" width=\"800\" height=\"450\" src=\"https:\/\/www.youtube.com\/embed\/videoseries?list=PL5DfgZsaPCc76OIeu0fyQErB1lYOFsHIn\" frameborder=\"0\" allow=\"accelerometer; autoplay; clipboard-write; encrypted-media; gyroscope; picture-in-picture; web-share\" allowfullscreen><\/iframe>\n<\/div><figcaption class=\"wp-element-caption\">Uma das mais longas parcerias tem sido com o premiad\u00edssimo diretor e roteirista Carl\u00e3o Busato. Dentre eles est\u00e3o o excelente filme para Cielo, definitivamente o mais lembrado de todos que j\u00e1 participei at\u00e9 hoje, o filme &#8220;O Locutor&#8221; que marca o lan\u00e7amento de sua nova produtora, a Surreal Hotel Arts, uma campanha para Eno e outra para VISA. Tor\u00e7o por muitas mais chances de trabalhar com esse cara genial.<\/figcaption><\/figure>\n\n\n\n<figure class=\"wp-block-embed is-type-video is-provider-youtube wp-block-embed-youtube wp-embed-aspect-16-9 wp-has-aspect-ratio\"><div class=\"wp-block-embed__wrapper\">\n<iframe title=\"MultiGrip | Farm\u00e1cia | 2019\" width=\"800\" height=\"450\" src=\"https:\/\/www.youtube.com\/embed\/X3uGCxsXTGM?feature=oembed\" frameborder=\"0\" allow=\"accelerometer; autoplay; clipboard-write; encrypted-media; gyroscope; picture-in-picture; web-share\" allowfullscreen><\/iframe>\n<\/div><figcaption class=\"wp-element-caption\">Pude reencontrar o extremamente talentoso diretor Cl\u00f3vis Mello nesse filme para MultiGrip. J\u00e1 havia trabalhado com ele antes para uma campanha da Volkswagen em 2009, aos 23 anos.<\/figcaption><\/figure>\n\n\n\n<figure class=\"wp-block-embed is-type-video is-provider-youtube wp-block-embed-youtube wp-embed-aspect-16-9 wp-has-aspect-ratio\"><div class=\"wp-block-embed__wrapper\">\n<iframe title=\"CBN - Condena\u00e7\u00f5es #CBNplural\" width=\"800\" height=\"450\" src=\"https:\/\/www.youtube.com\/embed\/7BNppr9nATE?feature=oembed\" frameborder=\"0\" allow=\"accelerometer; autoplay; clipboard-write; encrypted-media; gyroscope; picture-in-picture; web-share\" allowfullscreen><\/iframe>\n<\/div><figcaption class=\"wp-element-caption\">Pesad\u00e3o! Campanha da R\u00e1dio CBN que aborda a polariza\u00e7\u00e3o pol\u00edtica no Brasil, lan\u00e7ada dias antes das elei\u00e7\u00f5es de 2018. O Diretor Nobre FC conseguiu fazer cinema como poucos.<\/figcaption><\/figure>\n\n\n\n<figure class=\"wp-block-embed is-type-video is-provider-youtube wp-block-embed-youtube wp-embed-aspect-16-9 wp-has-aspect-ratio\"><div class=\"wp-block-embed__wrapper\">\n<iframe title=\"Globo Play: assista a tudo direto, sem escalas\" width=\"800\" height=\"450\" src=\"https:\/\/www.youtube.com\/embed\/qHmtpg3qsTA?feature=oembed\" frameborder=\"0\" allow=\"accelerometer; autoplay; clipboard-write; encrypted-media; gyroscope; picture-in-picture; web-share\" allowfullscreen><\/iframe>\n<\/div><figcaption class=\"wp-element-caption\">Parece f\u00e1cil, mas essa foi uma das campanhas mais dif\u00edceis de gravar. Tudo na minha interpreta\u00e7\u00e3o e na dire\u00e7\u00e3o de Caio Rubini \u00e9 extremamente sutil, e funciona apenas quando a obra est\u00e1 completa. Uma agrad\u00e1vel surpresa, e um dos trabalhos mais lembrados at\u00e9 hoje.<\/figcaption><\/figure>\n\n\n\n<figure class=\"wp-block-embed is-type-video is-provider-youtube wp-block-embed-youtube wp-embed-aspect-16-9 wp-has-aspect-ratio\"><div class=\"wp-block-embed__wrapper\">\n<iframe title=\"Engenheiro EPA AlmapBBDO\" width=\"800\" height=\"450\" src=\"https:\/\/www.youtube.com\/embed\/XonnyrvVkcI?feature=oembed\" frameborder=\"0\" allow=\"accelerometer; autoplay; clipboard-write; encrypted-media; gyroscope; picture-in-picture; web-share\" allowfullscreen><\/iframe>\n<\/div><figcaption class=\"wp-element-caption\">Campanha dirigida por Ren\u00e9 Sampaio logo ap\u00f3s o lan\u00e7amento de seu filme &#8220;Faroeste Caboclo&#8221;. Foi um dos primeiros trabalhos e grande veicula\u00e7\u00e3o do qual participei.<\/figcaption><\/figure>\n\n\n\n<figure class=\"wp-block-embed is-type-video is-provider-youtube wp-block-embed-youtube wp-embed-aspect-16-9 wp-has-aspect-ratio\"><div class=\"wp-block-embed__wrapper\">\n<iframe title=\"Campanha Catho\" width=\"800\" height=\"450\" src=\"https:\/\/www.youtube.com\/embed\/videoseries?list=PL5DfgZsaPCc5s4L9PyIdrFoAb4t9KwOwe\" frameborder=\"0\" allow=\"accelerometer; autoplay; clipboard-write; encrypted-media; gyroscope; picture-in-picture; web-share\" allowfullscreen><\/iframe>\n<\/div><figcaption class=\"wp-element-caption\">Uma campanha como nenhuma outra, totalmente encenada em tempo real e com v\u00e1rias partes em movimento. Um verdadeiro bal\u00e9! Tudo gravado em um \u00fanico dia, no finzinho de 2018.<\/figcaption><\/figure>","protected":false},"excerpt":{"rendered":"<p>A carreira de ator na televis\u00e3o muitas vezes come\u00e7a com campanhas publicit\u00e1rias,\u00a0e comigo n\u00e3o foi muito diferente. Tive a imensa sorte de principiante de passar em meu primeir\u00edssimo teste para uma campanha nacional aos 18 anos, l\u00e1 nos idos de 2004, como personagem principal. De l\u00e1 para c\u00e1 foram in\u00fameros testes, muitas colabora\u00e7\u00f5es e um [&hellip;]<\/p>","protected":false},"author":1,"featured_media":243,"comment_status":"open","ping_status":"open","sticky":false,"template":"","format":"standard","meta":{"footnotes":""},"categories":[12],"tags":[13],"class_list":["post-309","post","type-post","status-publish","format-standard","has-post-thumbnail","hentry","category-televisao","tag-televisao"],"_links":{"self":[{"href":"https:\/\/cesarbrasil.com\/english\/wp-json\/wp\/v2\/posts\/309","targetHints":{"allow":["GET"]}}],"collection":[{"href":"https:\/\/cesarbrasil.com\/english\/wp-json\/wp\/v2\/posts"}],"about":[{"href":"https:\/\/cesarbrasil.com\/english\/wp-json\/wp\/v2\/types\/post"}],"author":[{"embeddable":true,"href":"https:\/\/cesarbrasil.com\/english\/wp-json\/wp\/v2\/users\/1"}],"replies":[{"embeddable":true,"href":"https:\/\/cesarbrasil.com\/english\/wp-json\/wp\/v2\/comments?post=309"}],"version-history":[{"count":4,"href":"https:\/\/cesarbrasil.com\/english\/wp-json\/wp\/v2\/posts\/309\/revisions"}],"predecessor-version":[{"id":604,"href":"https:\/\/cesarbrasil.com\/english\/wp-json\/wp\/v2\/posts\/309\/revisions\/604"}],"wp:featuredmedia":[{"embeddable":true,"href":"https:\/\/cesarbrasil.com\/english\/wp-json\/wp\/v2\/media\/243"}],"wp:attachment":[{"href":"https:\/\/cesarbrasil.com\/english\/wp-json\/wp\/v2\/media?parent=309"}],"wp:term":[{"taxonomy":"category","embeddable":true,"href":"https:\/\/cesarbrasil.com\/english\/wp-json\/wp\/v2\/categories?post=309"},{"taxonomy":"post_tag","embeddable":true,"href":"https:\/\/cesarbrasil.com\/english\/wp-json\/wp\/v2\/tags?post=309"}],"curies":[{"name":"wp","href":"https:\/\/api.w.org\/{rel}","templated":true}]}}