{"id":261,"date":"2022-01-11T22:57:34","date_gmt":"2022-01-11T22:57:34","guid":{"rendered":"http:\/\/cesarbrasil.com\/?p=261"},"modified":"2022-01-13T22:29:06","modified_gmt":"2022-01-13T22:29:06","slug":"o-matador","status":"publish","type":"post","link":"https:\/\/cesarbrasil.com\/english\/o-matador\/","title":{"rendered":"The Killer"},"content":{"rendered":"<figure class=\"wp-block-embed is-type-video is-provider-youtube wp-block-embed-youtube wp-embed-aspect-16-9 wp-has-aspect-ratio\"><div class=\"wp-block-embed__wrapper\">\n<iframe title=\"&quot;O Matador&quot; (Netflix) - Cena advogado e rapaz simples\" width=\"800\" height=\"450\" src=\"https:\/\/www.youtube.com\/embed\/APAzFNfFDfo?feature=oembed\" frameborder=\"0\" allow=\"accelerometer; autoplay; clipboard-write; encrypted-media; gyroscope; picture-in-picture\" allowfullscreen><\/iframe>\n<\/div><figcaption><em>Scene from <a rel=\"noreferrer noopener\" href=\"https:\/\/www.imdb.com\/title\/tt5379294\/?ref_=nm_knf_i3\" target=\"_blank\">The Killer<\/a> (2017), with <a rel=\"noreferrer noopener\" href=\"https:\/\/www.imdb.com\/name\/nm2708598\/?ref_=ttfc_fc_cl_t33\" target=\"_blank\">Cesar Brasil<\/a>,<a rel=\"noreferrer noopener\" href=\"https:\/\/www.imdb.com\/name\/nm0157255\/?ref_=ttfc_fc_cl_t13\" target=\"_blank\"> Etienne Chicot <\/a>and <a rel=\"noreferrer noopener\" href=\"https:\/\/www.imdb.com\/name\/nm4264601\/?ref_=ttfc_fc_cl_t32\" target=\"_blank\">Jo\u00e3o Miller<\/a>.<\/em><\/figcaption><\/figure>\n\n\n\n<blockquote class=\"wp-block-quote is-layout-flow wp-block-quote-is-layout-flow\"><p>Direction <a href=\"https:\/\/www.imdb.com\/name\/nm2337991\/?ref_=ttfc_fc_dr1\" data-type=\"URL\" data-id=\"https:\/\/www.imdb.com\/name\/nm2337991\/?ref_=ttfc_fc_dr1\" target=\"_blank\" rel=\"noreferrer noopener\">Marcelo Galv\u00e3o<\/a><br>Production company: Gatacine<br>Release date: 2017<\/p><\/blockquote>\n\n\n\n<div class=\"wp-block-buttons is-layout-flex wp-block-buttons-is-layout-flex\">\n<div class=\"wp-block-button\"><a class=\"wp-block-button__link\" href=\"https:\/\/www.netflix.com\/br-en\/title\/80127990\" target=\"_blank\" rel=\"noreferrer noopener\">Watch \"The Killer\" on NETFLIX<\/a><\/div>\n<\/div>\n\n\n\n<p><\/p>\n\n\n\n<p><\/p>\n\n\n\n<p>Working on a Gatacine project is always completely different from anything else. The feeling of creative freedom combined with a cozy and communal atmosphere makes each filming day a memorable experience. It is impossible to forget the laughs behind the camera with <a rel=\"noreferrer noopener\" href=\"https:\/\/www.imdb.com\/name\/nm1579532\/?ref_=nv_sr_srsg_0\" data-type=\"URL\" data-id=\"https:\/\/www.imdb.com\/name\/nm1579532\/?ref_=nv_sr_srsg_0\" target=\"_blank\">Thogun Teixeira<\/a>, the not always such successful attempts a chatting in French with the legendary <meta charset=\"utf-8\"><a rel=\"noreferrer noopener\" href=\"https:\/\/www.imdb.com\/name\/nm0157255\/?ref_=ttfc_fc_cl_t13\" data-type=\"URL\" data-id=\"https:\/\/www.imdb.com\/name\/nm0157255\/?ref_=ttfc_fc_cl_t13\" target=\"_blank\">Etienne Chicot<\/a> and the sort of clumsy fan hug with the immortal <a rel=\"noreferrer noopener\" href=\"https:\/\/www.imdb.com\/name\/nm0210218\/?ref_=ttfc_fc_cl_t1\" data-type=\"URL\" data-id=\"https:\/\/www.imdb.com\/name\/nm0210218\/?ref_=ttfc_fc_cl_t1\" target=\"_blank\">Maria de Medeiros<\/a>. These are all experiences provided by a production that always values the unity of all involved, where it is unknown and matters not who is in the main cast, the supporting cast, an extra, a producer, the director or boom guy. Everyone waits in the same line for lunch and blends in with a single voice exchanging their experiences.<\/p>\n\n\n\n<p>It was also that way when shooting <a rel=\"noreferrer noopener\" href=\"https:\/\/www.imdb.com\/title\/tt1213924\/?ref_=nm_flmg_dr_5\" data-type=\"URL\" data-id=\"https:\/\/www.imdb.com\/title\/tt1213924\/?ref_=nm_flmg_dr_5\" target=\"_blank\">La Ri\u00f1a<\/a>, another production by Gatacine and also written and directed by <a rel=\"noreferrer noopener\" style=\"font-size: revert; font-family: -apple-system, BlinkMacSystemFont, &quot;Segoe UI&quot;, Roboto, Oxygen-Sans, Ubuntu, Cantarell, &quot;Helvetica Neue&quot;, sans-serif;\" href=\"https:\/\/www.imdb.com\/name\/nm2337991\/?ref_=ttfc_fc_dr1\" data-type=\"URL\" data-id=\"https:\/\/www.imdb.com\/name\/nm2337991\/?ref_=ttfc_fc_dr1\" target=\"_blank\">Marcelo Galv\u00e3o<\/a>, where everyone involved in any way in the film was practically confined for 20 nights in a mansion in Serra da Cantareira, in S\u00e3o Paulo. It didn't matter if we were filming that day or not, everyone was scheduled for every day. It was the most unique experience I've ever had in a film set, and also my first.<\/p>\n\n\n\n<p><\/p>\n\n\n\n<figure class=\"wp-block-embed is-type-video is-provider-youtube wp-block-embed-youtube wp-embed-aspect-4-3 wp-has-aspect-ratio\"><div class=\"wp-block-embed__wrapper\">\n<iframe title=\"Rinha - O Filme (Cenas)\" width=\"800\" height=\"600\" src=\"https:\/\/www.youtube.com\/embed\/e-VRBPP54nI?feature=oembed\" frameborder=\"0\" allow=\"accelerometer; autoplay; clipboard-write; encrypted-media; gyroscope; picture-in-picture\" allowfullscreen><\/iframe>\n<\/div><figcaption><em>Scenes from <a rel=\"noreferrer noopener\" href=\"https:\/\/www.imdb.com\/title\/tt1213924\/?ref_=nm_knf_i2\" target=\"_blank\">La Ri\u00f1a<\/a> (2008), with <a rel=\"noreferrer noopener\" href=\"https:\/\/www.imdb.com\/name\/nm2708598\/?ref_=ttfc_fc_cl_t33\" target=\"_blank\">Cesar Brasil<\/a>, <a rel=\"noreferrer noopener\" href=\"https:\/\/www.imdb.com\/name\/nm2975773\/?ref_=ttfc_fc_cl_t2\" target=\"_blank\">Warley Santana<\/a>, <a rel=\"noreferrer noopener\" href=\"https:\/\/www.imdb.com\/name\/nm0524930\/?ref_=ttfc_fc_cl_t7\" target=\"_blank\">Anna Ludmila<\/a> and <a rel=\"noreferrer noopener\" href=\"https:\/\/www.imdb.com\/name\/nm2975652\/?ref_=ttfc_fc_cl_t43\" target=\"_blank\">Alexandre Tigano<\/a><\/em><\/figcaption><\/figure>\n\n\n\n<p><\/p>\n\n\n\n<p><a rel=\"noreferrer noopener\" href=\"https:\/\/www.imdb.com\/title\/tt5379294\/?ref_=ttfc_fc_tt\" data-type=\"URL\" data-id=\"https:\/\/www.imdb.com\/title\/tt5379294\/?ref_=ttfc_fc_tt\" target=\"_blank\">The Killer<\/a> came to me as an invitation from Marcelo, with whom I had filmed my first feature film, a TV ad, a series called <a rel=\"noreferrer noopener\" href=\"https:\/\/www.imdb.com\/title\/tt3838566\/?ref_=nm_flmg_dr_2\" data-type=\"URL\" data-id=\"https:\/\/www.imdb.com\/title\/tt3838566\/?ref_=nm_flmg_dr_2\" target=\"_blank\">A Produtora<\/a> and even a political campaign reporting program called 100% Positivo.<\/p>\n\n\n\n<p><\/p>\n\n\n\n<figure class=\"wp-block-embed is-type-video is-provider-youtube wp-block-embed-youtube wp-embed-aspect-16-9 wp-has-aspect-ratio\"><div class=\"wp-block-embed__wrapper\">\n<iframe title=\"\u00daLTIMO TAKE\" width=\"800\" height=\"450\" src=\"https:\/\/www.youtube.com\/embed\/wtVbGlKw8Uc?feature=oembed\" frameborder=\"0\" allow=\"accelerometer; autoplay; clipboard-write; encrypted-media; gyroscope; picture-in-picture\" allowfullscreen><\/iframe>\n<\/div><figcaption><em>Episode from <a rel=\"noreferrer noopener\" href=\"https:\/\/www.imdb.com\/title\/tt3838566\/?ref_=nm_flmg_dr_2\" target=\"_blank\">A Produtora<\/a> (2014), with <a rel=\"noreferrer noopener\" href=\"https:\/\/www.imdb.com\/name\/nm2708598?ref_=tt_cl_t_1\" target=\"_blank\">Cesar Brasil<\/a>, <a rel=\"noreferrer noopener\" href=\"https:\/\/www.imdb.com\/name\/nm2337695?ref_=tt_cl_t_2\" target=\"_blank\">Deto Montenegro<\/a> and <a rel=\"noreferrer noopener\" href=\"https:\/\/www.imdb.com\/name\/nm4533904?ref_=tt_cl_t_3\" target=\"_blank\">Daniel Torres<\/a><\/em><\/figcaption><\/figure>\n\n\n\n<p><\/p>","protected":false},"excerpt":{"rendered":"<p>Dire\u00e7\u00e3o: Marcelo Galv\u00e3oProdutora: GatacineAno de lan\u00e7amento: 2017 Trabalhar em um projeto da Gatacine \u00e9 sempre completamente diferente de tudo. A sensa\u00e7\u00e3o de liberdade de cria\u00e7\u00e3o somada a um ambiente acolhedor e comunal tornam cada di\u00e1ria de grava\u00e7\u00e3o uma experi\u00eancia memor\u00e1vel. Imposs\u00edvel esquecer as risadas por tr\u00e1s das c\u00e2meras com o Thogun Teixeira, as tentativas nem [&hellip;]<\/p>","protected":false},"author":1,"featured_media":238,"comment_status":"open","ping_status":"open","sticky":false,"template":"","format":"standard","meta":{"footnotes":""},"categories":[8],"tags":[9],"class_list":["post-261","post","type-post","status-publish","format-standard","has-post-thumbnail","hentry","category-cinema","tag-cinema"],"_links":{"self":[{"href":"https:\/\/cesarbrasil.com\/english\/wp-json\/wp\/v2\/posts\/261","targetHints":{"allow":["GET"]}}],"collection":[{"href":"https:\/\/cesarbrasil.com\/english\/wp-json\/wp\/v2\/posts"}],"about":[{"href":"https:\/\/cesarbrasil.com\/english\/wp-json\/wp\/v2\/types\/post"}],"author":[{"embeddable":true,"href":"https:\/\/cesarbrasil.com\/english\/wp-json\/wp\/v2\/users\/1"}],"replies":[{"embeddable":true,"href":"https:\/\/cesarbrasil.com\/english\/wp-json\/wp\/v2\/comments?post=261"}],"version-history":[{"count":9,"href":"https:\/\/cesarbrasil.com\/english\/wp-json\/wp\/v2\/posts\/261\/revisions"}],"predecessor-version":[{"id":386,"href":"https:\/\/cesarbrasil.com\/english\/wp-json\/wp\/v2\/posts\/261\/revisions\/386"}],"wp:featuredmedia":[{"embeddable":true,"href":"https:\/\/cesarbrasil.com\/english\/wp-json\/wp\/v2\/media\/238"}],"wp:attachment":[{"href":"https:\/\/cesarbrasil.com\/english\/wp-json\/wp\/v2\/media?parent=261"}],"wp:term":[{"taxonomy":"category","embeddable":true,"href":"https:\/\/cesarbrasil.com\/english\/wp-json\/wp\/v2\/categories?post=261"},{"taxonomy":"post_tag","embeddable":true,"href":"https:\/\/cesarbrasil.com\/english\/wp-json\/wp\/v2\/tags?post=261"}],"curies":[{"name":"wp","href":"https:\/\/api.w.org\/{rel}","templated":true}]}}